{"id":883,"date":"2021-11-02T09:00:44","date_gmt":"2021-11-02T09:00:44","guid":{"rendered":"https:\/\/ldgconstruccion.com\/?p=883"},"modified":"2021-12-22T10:16:50","modified_gmt":"2021-12-22T10:16:50","slug":"nuevo-proyecto-de-la-rehabilitacion-de-la-parte-antigua-del-cementerio-municipal-del-ayuntamiento-de-benicull-de-xuquer","status":"publish","type":"post","link":"https:\/\/ldgconstruccion.com\/en\/nuevo-proyecto-de-la-rehabilitacion-de-la-parte-antigua-del-cementerio-municipal-del-ayuntamiento-de-benicull-de-xuquer\/","title":{"rendered":"Nuevo proyecto de la rehabilitaci\u00f3n de la parte antigua del cementerio municipal del Ayuntamiento De Benicull De X\u00faquer"},"content":{"rendered":"<p>Pronto volveremos a trabajar para el <a style=\"text-decoration:underline;\" href=\"https:\/\/www.linkedin.com\/company\/ayuntamiento-de-benicull-de-x%C3%BAquer\/\" rel=\"noopener noreferrer\" target=\"_blank\">Ayuntamiento De Benicull De X\u00faquer<\/a> en el proyecto \u201cREHABILITACI\u00d3N PARTE ANTIGUA CEMENTERIO MUNICIPAL\u201d. En primer lugar, es necesaria la redistribuci\u00f3n y ampliaci\u00f3n de la zona de columbarios, para aportar un entorno inmediato que favorezca la calma y el confort de los usuarios. Por otro lado, es necesario completar la zona vieja con nichos dobles y simples, as\u00ed como la rehabilitaci\u00f3n del espacio h\u00famedo que actualmente se corresponde con una zona sucia que no cubre las necesidades de los visitantes que necesitan estos espacios para realizar las distintas actividades de limpieza y decoraci\u00f3n de los nichos de sus familiares.<br \/>\n<em style=\"font-size:10px;\">Imagen: Nichos Benicull LDG<\/em><\/p>","protected":false},"excerpt":{"rendered":"<p>Pronto volveremos a trabajar para el Ayuntamiento De Benicull De X\u00faquer en el proyecto \u201cREHABILITACI\u00d3N PARTE ANTIGUA CEMENTERIO MUNICIPAL\u201d. En primer lugar, es necesaria la redistribuci\u00f3n y ampliaci\u00f3n de la zona de columbarios, para aportar un entorno inmediato que favorezca la calma y el confort de los usuarios. Por otro lado, es necesario completar la [&hellip;]<\/p>","protected":false},"author":1,"featured_media":5993,"comment_status":"open","ping_status":"open","sticky":false,"template":"","format":"standard","meta":{"_et_pb_use_builder":"","_et_pb_old_content":"","_et_gb_content_width":"","footnotes":""},"categories":[6],"tags":[],"class_list":["post-883","post","type-post","status-publish","format-standard","has-post-thumbnail","hentry","category-noticias"],"yoast_head":"<!-- This site is optimized with the Yoast SEO plugin v24.7 - https:\/\/yoast.com\/wordpress\/plugins\/seo\/ -->\n<title>Nuevo proyecto de la rehabilitaci\u00f3n de la parte antigua del cementerio municipal del Ayuntamiento De Benicull De X\u00faquer - LDG Construcci\u00f3n<\/title>\n<meta name=\"robots\" content=\"index, follow, max-snippet:-1, max-image-preview:large, max-video-preview:-1\" \/>\n<link rel=\"canonical\" href=\"https:\/\/ldgconstruccion.com\/en\/nuevo-proyecto-de-la-rehabilitacion-de-la-parte-antigua-del-cementerio-municipal-del-ayuntamiento-de-benicull-de-xuquer\/\" \/>\n<meta property=\"og:locale\" content=\"en_GB\" \/>\n<meta property=\"og:type\" content=\"article\" \/>\n<meta property=\"og:title\" content=\"Nuevo proyecto de la rehabilitaci\u00f3n de la parte antigua del cementerio municipal del Ayuntamiento De Benicull De X\u00faquer - LDG Construcci\u00f3n\" \/>\n<meta property=\"og:description\" content=\"Pronto volveremos a trabajar para el Ayuntamiento De Benicull De X\u00faquer en el proyecto \u201cREHABILITACI\u00d3N PARTE ANTIGUA CEMENTERIO MUNICIPAL\u201d. En primer lugar, es necesaria la redistribuci\u00f3n y ampliaci\u00f3n de la zona de columbarios, para aportar un entorno inmediato que favorezca la calma y el confort de los usuarios. Por otro lado, es necesario completar la [&hellip;]\" \/>\n<meta property=\"og:url\" content=\"https:\/\/ldgconstruccion.com\/en\/nuevo-proyecto-de-la-rehabilitacion-de-la-parte-antigua-del-cementerio-municipal-del-ayuntamiento-de-benicull-de-xuquer\/\" \/>\n<meta property=\"og:site_name\" content=\"LDG Construcci\u00f3n\" \/>\n<meta property=\"article:published_time\" content=\"2021-11-02T09:00:44+00:00\" \/>\n<meta property=\"article:modified_time\" content=\"2021-12-22T10:16:50+00:00\" \/>\n<meta property=\"og:image\" content=\"https:\/\/ldgconstruccion.com\/wp-content\/uploads\/2021\/11\/rehabilitacion-cementerio-municipal-Benicull-De-xuquer.jpg\" \/>\n\t<meta property=\"og:image:width\" content=\"800\" \/>\n\t<meta property=\"og:image:height\" content=\"743\" \/>\n\t<meta property=\"og:image:type\" content=\"image\/jpeg\" \/>\n<meta name=\"author\" content=\"guillermo\" \/>\n<meta name=\"twitter:card\" content=\"summary_large_image\" \/>\n<meta name=\"twitter:label1\" content=\"Written by\" \/>\n\t<meta name=\"twitter:data1\" content=\"guillermo\" \/>\n\t<meta name=\"twitter:label2\" content=\"Estimated reading time\" \/>\n\t<meta name=\"twitter:data2\" content=\"1 minute\" \/>\n<script type=\"application\/ld+json\" class=\"yoast-schema-graph\">{\"@context\":\"https:\/\/schema.org\",\"@graph\":[{\"@type\":\"WebPage\",\"@id\":\"https:\/\/ldgconstruccion.com\/nuevo-proyecto-de-la-rehabilitacion-de-la-parte-antigua-del-cementerio-municipal-del-ayuntamiento-de-benicull-de-xuquer\/\",\"url\":\"https:\/\/ldgconstruccion.com\/nuevo-proyecto-de-la-rehabilitacion-de-la-parte-antigua-del-cementerio-municipal-del-ayuntamiento-de-benicull-de-xuquer\/\",\"name\":\"Nuevo proyecto de la rehabilitaci\u00f3n de la parte antigua del cementerio municipal del Ayuntamiento De Benicull De X\u00faquer - LDG Construcci\u00f3n\",\"isPartOf\":{\"@id\":\"https:\/\/ldgconstruccion.com\/#website\"},\"primaryImageOfPage\":{\"@id\":\"https:\/\/ldgconstruccion.com\/nuevo-proyecto-de-la-rehabilitacion-de-la-parte-antigua-del-cementerio-municipal-del-ayuntamiento-de-benicull-de-xuquer\/#primaryimage\"},\"image\":{\"@id\":\"https:\/\/ldgconstruccion.com\/nuevo-proyecto-de-la-rehabilitacion-de-la-parte-antigua-del-cementerio-municipal-del-ayuntamiento-de-benicull-de-xuquer\/#primaryimage\"},\"thumbnailUrl\":\"https:\/\/ldgconstruccion.com\/wp-content\/uploads\/2021\/11\/rehabilitacion-cementerio-municipal-Benicull-De-xuquer.jpg\",\"datePublished\":\"2021-11-02T09:00:44+00:00\",\"dateModified\":\"2021-12-22T10:16:50+00:00\",\"author\":{\"@id\":\"https:\/\/ldgconstruccion.com\/#\/schema\/person\/01d15c08769f057ff5b7d09029bd426a\"},\"breadcrumb\":{\"@id\":\"https:\/\/ldgconstruccion.com\/nuevo-proyecto-de-la-rehabilitacion-de-la-parte-antigua-del-cementerio-municipal-del-ayuntamiento-de-benicull-de-xuquer\/#breadcrumb\"},\"inLanguage\":\"en-GB\",\"potentialAction\":[{\"@type\":\"ReadAction\",\"target\":[\"https:\/\/ldgconstruccion.com\/nuevo-proyecto-de-la-rehabilitacion-de-la-parte-antigua-del-cementerio-municipal-del-ayuntamiento-de-benicull-de-xuquer\/\"]}]},{\"@type\":\"ImageObject\",\"inLanguage\":\"en-GB\",\"@id\":\"https:\/\/ldgconstruccion.com\/nuevo-proyecto-de-la-rehabilitacion-de-la-parte-antigua-del-cementerio-municipal-del-ayuntamiento-de-benicull-de-xuquer\/#primaryimage\",\"url\":\"https:\/\/ldgconstruccion.com\/wp-content\/uploads\/2021\/11\/rehabilitacion-cementerio-municipal-Benicull-De-xuquer.jpg\",\"contentUrl\":\"https:\/\/ldgconstruccion.com\/wp-content\/uploads\/2021\/11\/rehabilitacion-cementerio-municipal-Benicull-De-xuquer.jpg\",\"width\":800,\"height\":743,\"caption\":\"rehabilitacion-cementerio-municipal-Benicull-De-xuquer\"},{\"@type\":\"BreadcrumbList\",\"@id\":\"https:\/\/ldgconstruccion.com\/nuevo-proyecto-de-la-rehabilitacion-de-la-parte-antigua-del-cementerio-municipal-del-ayuntamiento-de-benicull-de-xuquer\/#breadcrumb\",\"itemListElement\":[{\"@type\":\"ListItem\",\"position\":1,\"name\":\"Portada\",\"item\":\"https:\/\/ldgconstruccion.com\/\"},{\"@type\":\"ListItem\",\"position\":2,\"name\":\"Nuevo proyecto de la rehabilitaci\u00f3n de la parte antigua del cementerio municipal del Ayuntamiento De Benicull De X\u00faquer\"}]},{\"@type\":\"WebSite\",\"@id\":\"https:\/\/ldgconstruccion.com\/#website\",\"url\":\"https:\/\/ldgconstruccion.com\/\",\"name\":\"LDG Construcci\u00f3n\",\"description\":\"Industrial - Residencial\",\"potentialAction\":[{\"@type\":\"SearchAction\",\"target\":{\"@type\":\"EntryPoint\",\"urlTemplate\":\"https:\/\/ldgconstruccion.com\/?s={search_term_string}\"},\"query-input\":{\"@type\":\"PropertyValueSpecification\",\"valueRequired\":true,\"valueName\":\"search_term_string\"}}],\"inLanguage\":\"en-GB\"},{\"@type\":\"Person\",\"@id\":\"https:\/\/ldgconstruccion.com\/#\/schema\/person\/01d15c08769f057ff5b7d09029bd426a\",\"name\":\"guillermo\",\"image\":{\"@type\":\"ImageObject\",\"inLanguage\":\"en-GB\",\"@id\":\"https:\/\/ldgconstruccion.com\/#\/schema\/person\/image\/\",\"url\":\"https:\/\/secure.gravatar.com\/avatar\/605a080125397090d539648a77b87bbe?s=96&d=mm&r=g\",\"contentUrl\":\"https:\/\/secure.gravatar.com\/avatar\/605a080125397090d539648a77b87bbe?s=96&d=mm&r=g\",\"caption\":\"guillermo\"},\"sameAs\":[\"https:\/\/demodacai.es\/ldg\"],\"url\":\"https:\/\/ldgconstruccion.com\/en\/author\/guillermo\/\"}]}<\/script>\n<!-- \/ Yoast SEO plugin. -->","yoast_head_json":{"title":"Nuevo proyecto de la rehabilitaci\u00f3n de la parte antigua del cementerio municipal del Ayuntamiento De Benicull De X\u00faquer - LDG Construcci\u00f3n","robots":{"index":"index","follow":"follow","max-snippet":"max-snippet:-1","max-image-preview":"max-image-preview:large","max-video-preview":"max-video-preview:-1"},"canonical":"https:\/\/ldgconstruccion.com\/en\/nuevo-proyecto-de-la-rehabilitacion-de-la-parte-antigua-del-cementerio-municipal-del-ayuntamiento-de-benicull-de-xuquer\/","og_locale":"en_GB","og_type":"article","og_title":"Nuevo proyecto de la rehabilitaci\u00f3n de la parte antigua del cementerio municipal del Ayuntamiento De Benicull De X\u00faquer - LDG Construcci\u00f3n","og_description":"Pronto volveremos a trabajar para el Ayuntamiento De Benicull De X\u00faquer en el proyecto \u201cREHABILITACI\u00d3N PARTE ANTIGUA CEMENTERIO MUNICIPAL\u201d. En primer lugar, es necesaria la redistribuci\u00f3n y ampliaci\u00f3n de la zona de columbarios, para aportar un entorno inmediato que favorezca la calma y el confort de los usuarios. Por otro lado, es necesario completar la [&hellip;]","og_url":"https:\/\/ldgconstruccion.com\/en\/nuevo-proyecto-de-la-rehabilitacion-de-la-parte-antigua-del-cementerio-municipal-del-ayuntamiento-de-benicull-de-xuquer\/","og_site_name":"LDG Construcci\u00f3n","article_published_time":"2021-11-02T09:00:44+00:00","article_modified_time":"2021-12-22T10:16:50+00:00","og_image":[{"width":800,"height":743,"url":"https:\/\/ldgconstruccion.com\/wp-content\/uploads\/2021\/11\/rehabilitacion-cementerio-municipal-Benicull-De-xuquer.jpg","type":"image\/jpeg"}],"author":"guillermo","twitter_card":"summary_large_image","twitter_misc":{"Written by":"guillermo","Estimated reading time":"1 minute"},"schema":{"@context":"https:\/\/schema.org","@graph":[{"@type":"WebPage","@id":"https:\/\/ldgconstruccion.com\/nuevo-proyecto-de-la-rehabilitacion-de-la-parte-antigua-del-cementerio-municipal-del-ayuntamiento-de-benicull-de-xuquer\/","url":"https:\/\/ldgconstruccion.com\/nuevo-proyecto-de-la-rehabilitacion-de-la-parte-antigua-del-cementerio-municipal-del-ayuntamiento-de-benicull-de-xuquer\/","name":"Nuevo proyecto de la rehabilitaci\u00f3n de la parte antigua del cementerio municipal del Ayuntamiento De Benicull De X\u00faquer - LDG Construcci\u00f3n","isPartOf":{"@id":"https:\/\/ldgconstruccion.com\/#website"},"primaryImageOfPage":{"@id":"https:\/\/ldgconstruccion.com\/nuevo-proyecto-de-la-rehabilitacion-de-la-parte-antigua-del-cementerio-municipal-del-ayuntamiento-de-benicull-de-xuquer\/#primaryimage"},"image":{"@id":"https:\/\/ldgconstruccion.com\/nuevo-proyecto-de-la-rehabilitacion-de-la-parte-antigua-del-cementerio-municipal-del-ayuntamiento-de-benicull-de-xuquer\/#primaryimage"},"thumbnailUrl":"https:\/\/ldgconstruccion.com\/wp-content\/uploads\/2021\/11\/rehabilitacion-cementerio-municipal-Benicull-De-xuquer.jpg","datePublished":"2021-11-02T09:00:44+00:00","dateModified":"2021-12-22T10:16:50+00:00","author":{"@id":"https:\/\/ldgconstruccion.com\/#\/schema\/person\/01d15c08769f057ff5b7d09029bd426a"},"breadcrumb":{"@id":"https:\/\/ldgconstruccion.com\/nuevo-proyecto-de-la-rehabilitacion-de-la-parte-antigua-del-cementerio-municipal-del-ayuntamiento-de-benicull-de-xuquer\/#breadcrumb"},"inLanguage":"en-GB","potentialAction":[{"@type":"ReadAction","target":["https:\/\/ldgconstruccion.com\/nuevo-proyecto-de-la-rehabilitacion-de-la-parte-antigua-del-cementerio-municipal-del-ayuntamiento-de-benicull-de-xuquer\/"]}]},{"@type":"ImageObject","inLanguage":"en-GB","@id":"https:\/\/ldgconstruccion.com\/nuevo-proyecto-de-la-rehabilitacion-de-la-parte-antigua-del-cementerio-municipal-del-ayuntamiento-de-benicull-de-xuquer\/#primaryimage","url":"https:\/\/ldgconstruccion.com\/wp-content\/uploads\/2021\/11\/rehabilitacion-cementerio-municipal-Benicull-De-xuquer.jpg","contentUrl":"https:\/\/ldgconstruccion.com\/wp-content\/uploads\/2021\/11\/rehabilitacion-cementerio-municipal-Benicull-De-xuquer.jpg","width":800,"height":743,"caption":"rehabilitacion-cementerio-municipal-Benicull-De-xuquer"},{"@type":"BreadcrumbList","@id":"https:\/\/ldgconstruccion.com\/nuevo-proyecto-de-la-rehabilitacion-de-la-parte-antigua-del-cementerio-municipal-del-ayuntamiento-de-benicull-de-xuquer\/#breadcrumb","itemListElement":[{"@type":"ListItem","position":1,"name":"Portada","item":"https:\/\/ldgconstruccion.com\/"},{"@type":"ListItem","position":2,"name":"Nuevo proyecto de la rehabilitaci\u00f3n de la parte antigua del cementerio municipal del Ayuntamiento De Benicull De X\u00faquer"}]},{"@type":"WebSite","@id":"https:\/\/ldgconstruccion.com\/#website","url":"https:\/\/ldgconstruccion.com\/","name":"LDG Construcci\u00f3n","description":"Industrial - Residencial","potentialAction":[{"@type":"SearchAction","target":{"@type":"EntryPoint","urlTemplate":"https:\/\/ldgconstruccion.com\/?s={search_term_string}"},"query-input":{"@type":"PropertyValueSpecification","valueRequired":true,"valueName":"search_term_string"}}],"inLanguage":"en-GB"},{"@type":"Person","@id":"https:\/\/ldgconstruccion.com\/#\/schema\/person\/01d15c08769f057ff5b7d09029bd426a","name":"guillermo","image":{"@type":"ImageObject","inLanguage":"en-GB","@id":"https:\/\/ldgconstruccion.com\/#\/schema\/person\/image\/","url":"https:\/\/secure.gravatar.com\/avatar\/605a080125397090d539648a77b87bbe?s=96&d=mm&r=g","contentUrl":"https:\/\/secure.gravatar.com\/avatar\/605a080125397090d539648a77b87bbe?s=96&d=mm&r=g","caption":"guillermo"},"sameAs":["https:\/\/demodacai.es\/ldg"],"url":"https:\/\/ldgconstruccion.com\/en\/author\/guillermo\/"}]}},"_links":{"self":[{"href":"https:\/\/ldgconstruccion.com\/en\/wp-json\/wp\/v2\/posts\/883"}],"collection":[{"href":"https:\/\/ldgconstruccion.com\/en\/wp-json\/wp\/v2\/posts"}],"about":[{"href":"https:\/\/ldgconstruccion.com\/en\/wp-json\/wp\/v2\/types\/post"}],"author":[{"embeddable":true,"href":"https:\/\/ldgconstruccion.com\/en\/wp-json\/wp\/v2\/users\/1"}],"replies":[{"embeddable":true,"href":"https:\/\/ldgconstruccion.com\/en\/wp-json\/wp\/v2\/comments?post=883"}],"version-history":[{"count":1,"href":"https:\/\/ldgconstruccion.com\/en\/wp-json\/wp\/v2\/posts\/883\/revisions"}],"predecessor-version":[{"id":5951,"href":"https:\/\/ldgconstruccion.com\/en\/wp-json\/wp\/v2\/posts\/883\/revisions\/5951"}],"wp:featuredmedia":[{"embeddable":true,"href":"https:\/\/ldgconstruccion.com\/en\/wp-json\/wp\/v2\/media\/5993"}],"wp:attachment":[{"href":"https:\/\/ldgconstruccion.com\/en\/wp-json\/wp\/v2\/media?parent=883"}],"wp:term":[{"taxonomy":"category","embeddable":true,"href":"https:\/\/ldgconstruccion.com\/en\/wp-json\/wp\/v2\/categories?post=883"},{"taxonomy":"post_tag","embeddable":true,"href":"https:\/\/ldgconstruccion.com\/en\/wp-json\/wp\/v2\/tags?post=883"}],"curies":[{"name":"wp","href":"https:\/\/api.w.org\/{rel}","templated":true}]}}