{"id":833,"date":"2021-09-08T08:00:30","date_gmt":"2021-09-08T08:00:30","guid":{"rendered":"https:\/\/ldgconstruccion.com\/?p=833"},"modified":"2021-12-22T10:25:28","modified_gmt":"2021-12-22T10:25:28","slug":"ejecucion-obras-de-reforma-de-los-banos-del-edificio-de-primaria-y-direccion-del-ceip-ramon-laporta","status":"publish","type":"post","link":"https:\/\/ldgconstruccion.com\/en\/ejecucion-obras-de-reforma-de-los-banos-del-edificio-de-primaria-y-direccion-del-ceip-ramon-laporta\/","title":{"rendered":"Ejecuci\u00f3n obras de reforma de los ba\u00f1os del edificio de primaria y direcci\u00f3n del CEIP Ram\u00f3n Laporta"},"content":{"rendered":"<p><img loading=\"lazy\" decoding=\"async\" src=\"https:\/\/ldgconstruccion.com\/wp-content\/uploads\/2021\/09\/OBRAS-CEIP-RAMON-LAPORTA-SANITARIOS-1.jpg\" alt=\"OBRAS-CEIP-RAMON-LAPORTA-SANITARIOS-1\" width=\"800\" height=\"937\" class=\"alignnone size-full wp-image-6001\" srcset=\"https:\/\/ldgconstruccion.com\/wp-content\/uploads\/2021\/09\/OBRAS-CEIP-RAMON-LAPORTA-SANITARIOS-1.jpg 800w, https:\/\/ldgconstruccion.com\/wp-content\/uploads\/2021\/09\/OBRAS-CEIP-RAMON-LAPORTA-SANITARIOS-1-480x562.jpg 480w\" sizes=\"(min-width: 0px) and (max-width: 480px) 480px, (min-width: 481px) 800px, 100vw\" \/>&nbsp;Esta actuaci\u00f3n se incluye en el Plan Edificant, donde se propone la mejora de los ba\u00f1os del edificio de primaria y del edifico de direcci\u00f3n del centro educativo, en su totalidad, tanto aparatos sanitarios, como instalaciones y revestimientos.<\/p>\n<p>Las prescripciones y soluciones de proyecto se corresponden con las indicadas en las \u201cInstrucciones de dise\u00f1o y construcci\u00f3n para Edificios de Uso Docente\u201d del Servicio de Infraestructuras Educativas de la Conselleria d\u2019Educaci\u00f3, Cultura i Esport.<\/p>","protected":false},"excerpt":{"rendered":"<p>&nbsp;Esta actuaci\u00f3n se incluye en el Plan Edificant, donde se propone la mejora de los ba\u00f1os del edificio de primaria y del edifico de direcci\u00f3n del centro educativo, en su totalidad, tanto aparatos sanitarios, como instalaciones y revestimientos. Las prescripciones y soluciones de proyecto se corresponden con las indicadas en las \u201cInstrucciones de dise\u00f1o y [&hellip;]<\/p>","protected":false},"author":1,"featured_media":5999,"comment_status":"open","ping_status":"open","sticky":false,"template":"","format":"standard","meta":{"_et_pb_use_builder":"","_et_pb_old_content":"","_et_gb_content_width":"","footnotes":""},"categories":[6],"tags":[],"class_list":["post-833","post","type-post","status-publish","format-standard","has-post-thumbnail","hentry","category-noticias"],"yoast_head":"<!-- This site is optimized with the Yoast SEO plugin v24.7 - https:\/\/yoast.com\/wordpress\/plugins\/seo\/ -->\n<title>Ejecuci\u00f3n obras de reforma de los ba\u00f1os del edificio de primaria y direcci\u00f3n del CEIP Ram\u00f3n Laporta - LDG Construcci\u00f3n<\/title>\n<meta name=\"robots\" content=\"index, follow, max-snippet:-1, max-image-preview:large, max-video-preview:-1\" \/>\n<link rel=\"canonical\" href=\"https:\/\/ldgconstruccion.com\/en\/ejecucion-obras-de-reforma-de-los-banos-del-edificio-de-primaria-y-direccion-del-ceip-ramon-laporta\/\" \/>\n<meta property=\"og:locale\" content=\"en_GB\" \/>\n<meta property=\"og:type\" content=\"article\" \/>\n<meta property=\"og:title\" content=\"Ejecuci\u00f3n obras de reforma de los ba\u00f1os del edificio de primaria y direcci\u00f3n del CEIP Ram\u00f3n Laporta - LDG Construcci\u00f3n\" \/>\n<meta property=\"og:description\" content=\"&nbsp;Esta actuaci\u00f3n se incluye en el Plan Edificant, donde se propone la mejora de los ba\u00f1os del edificio de primaria y del edifico de direcci\u00f3n del centro educativo, en su totalidad, tanto aparatos sanitarios, como instalaciones y revestimientos. Las prescripciones y soluciones de proyecto se corresponden con las indicadas en las \u201cInstrucciones de dise\u00f1o y [&hellip;]\" \/>\n<meta property=\"og:url\" content=\"https:\/\/ldgconstruccion.com\/en\/ejecucion-obras-de-reforma-de-los-banos-del-edificio-de-primaria-y-direccion-del-ceip-ramon-laporta\/\" \/>\n<meta property=\"og:site_name\" content=\"LDG Construcci\u00f3n\" \/>\n<meta property=\"article:published_time\" content=\"2021-09-08T08:00:30+00:00\" \/>\n<meta property=\"article:modified_time\" content=\"2021-12-22T10:25:28+00:00\" \/>\n<meta property=\"og:image\" content=\"https:\/\/ldgconstruccion.com\/wp-content\/uploads\/2021\/09\/OBRAS-CEIP-RAMON-LAPORTA-SANITARIOS.jpg\" \/>\n\t<meta property=\"og:image:width\" content=\"800\" \/>\n\t<meta property=\"og:image:height\" content=\"743\" \/>\n\t<meta property=\"og:image:type\" content=\"image\/jpeg\" \/>\n<meta name=\"author\" content=\"guillermo\" \/>\n<meta name=\"twitter:card\" content=\"summary_large_image\" \/>\n<meta name=\"twitter:label1\" content=\"Written by\" \/>\n\t<meta name=\"twitter:data1\" content=\"guillermo\" \/>\n<script type=\"application\/ld+json\" class=\"yoast-schema-graph\">{\"@context\":\"https:\/\/schema.org\",\"@graph\":[{\"@type\":\"WebPage\",\"@id\":\"https:\/\/ldgconstruccion.com\/en\/ejecucion-obras-de-reforma-de-los-banos-del-edificio-de-primaria-y-direccion-del-ceip-ramon-laporta\/\",\"url\":\"https:\/\/ldgconstruccion.com\/en\/ejecucion-obras-de-reforma-de-los-banos-del-edificio-de-primaria-y-direccion-del-ceip-ramon-laporta\/\",\"name\":\"Ejecuci\u00f3n obras de reforma de los ba\u00f1os del edificio de primaria y direcci\u00f3n del CEIP Ram\u00f3n Laporta - LDG Construcci\u00f3n\",\"isPartOf\":{\"@id\":\"https:\/\/ldgconstruccion.com\/#website\"},\"primaryImageOfPage\":{\"@id\":\"https:\/\/ldgconstruccion.com\/en\/ejecucion-obras-de-reforma-de-los-banos-del-edificio-de-primaria-y-direccion-del-ceip-ramon-laporta\/#primaryimage\"},\"image\":{\"@id\":\"https:\/\/ldgconstruccion.com\/en\/ejecucion-obras-de-reforma-de-los-banos-del-edificio-de-primaria-y-direccion-del-ceip-ramon-laporta\/#primaryimage\"},\"thumbnailUrl\":\"https:\/\/ldgconstruccion.com\/wp-content\/uploads\/2021\/09\/OBRAS-CEIP-RAMON-LAPORTA-SANITARIOS.jpg\",\"datePublished\":\"2021-09-08T08:00:30+00:00\",\"dateModified\":\"2021-12-22T10:25:28+00:00\",\"author\":{\"@id\":\"https:\/\/ldgconstruccion.com\/#\/schema\/person\/01d15c08769f057ff5b7d09029bd426a\"},\"breadcrumb\":{\"@id\":\"https:\/\/ldgconstruccion.com\/en\/ejecucion-obras-de-reforma-de-los-banos-del-edificio-de-primaria-y-direccion-del-ceip-ramon-laporta\/#breadcrumb\"},\"inLanguage\":\"en-GB\",\"potentialAction\":[{\"@type\":\"ReadAction\",\"target\":[\"https:\/\/ldgconstruccion.com\/en\/ejecucion-obras-de-reforma-de-los-banos-del-edificio-de-primaria-y-direccion-del-ceip-ramon-laporta\/\"]}]},{\"@type\":\"ImageObject\",\"inLanguage\":\"en-GB\",\"@id\":\"https:\/\/ldgconstruccion.com\/en\/ejecucion-obras-de-reforma-de-los-banos-del-edificio-de-primaria-y-direccion-del-ceip-ramon-laporta\/#primaryimage\",\"url\":\"https:\/\/ldgconstruccion.com\/wp-content\/uploads\/2021\/09\/OBRAS-CEIP-RAMON-LAPORTA-SANITARIOS.jpg\",\"contentUrl\":\"https:\/\/ldgconstruccion.com\/wp-content\/uploads\/2021\/09\/OBRAS-CEIP-RAMON-LAPORTA-SANITARIOS.jpg\",\"width\":800,\"height\":743,\"caption\":\"OBRAS-CEIP-RAMON-LAPORTA-SANITARIOS\"},{\"@type\":\"BreadcrumbList\",\"@id\":\"https:\/\/ldgconstruccion.com\/en\/ejecucion-obras-de-reforma-de-los-banos-del-edificio-de-primaria-y-direccion-del-ceip-ramon-laporta\/#breadcrumb\",\"itemListElement\":[{\"@type\":\"ListItem\",\"position\":1,\"name\":\"Portada\",\"item\":\"https:\/\/ldgconstruccion.com\/\"},{\"@type\":\"ListItem\",\"position\":2,\"name\":\"Ejecuci\u00f3n obras de reforma de los ba\u00f1os del edificio de primaria y direcci\u00f3n del CEIP Ram\u00f3n Laporta\"}]},{\"@type\":\"WebSite\",\"@id\":\"https:\/\/ldgconstruccion.com\/#website\",\"url\":\"https:\/\/ldgconstruccion.com\/\",\"name\":\"LDG Construcci\u00f3n\",\"description\":\"Industrial - Residencial\",\"potentialAction\":[{\"@type\":\"SearchAction\",\"target\":{\"@type\":\"EntryPoint\",\"urlTemplate\":\"https:\/\/ldgconstruccion.com\/?s={search_term_string}\"},\"query-input\":{\"@type\":\"PropertyValueSpecification\",\"valueRequired\":true,\"valueName\":\"search_term_string\"}}],\"inLanguage\":\"en-GB\"},{\"@type\":\"Person\",\"@id\":\"https:\/\/ldgconstruccion.com\/#\/schema\/person\/01d15c08769f057ff5b7d09029bd426a\",\"name\":\"guillermo\",\"image\":{\"@type\":\"ImageObject\",\"inLanguage\":\"en-GB\",\"@id\":\"https:\/\/ldgconstruccion.com\/#\/schema\/person\/image\/\",\"url\":\"https:\/\/secure.gravatar.com\/avatar\/605a080125397090d539648a77b87bbe?s=96&d=mm&r=g\",\"contentUrl\":\"https:\/\/secure.gravatar.com\/avatar\/605a080125397090d539648a77b87bbe?s=96&d=mm&r=g\",\"caption\":\"guillermo\"},\"sameAs\":[\"https:\/\/demodacai.es\/ldg\"],\"url\":\"https:\/\/ldgconstruccion.com\/en\/author\/guillermo\/\"}]}<\/script>\n<!-- \/ Yoast SEO plugin. -->","yoast_head_json":{"title":"Ejecuci\u00f3n obras de reforma de los ba\u00f1os del edificio de primaria y direcci\u00f3n del CEIP Ram\u00f3n Laporta - LDG Construcci\u00f3n","robots":{"index":"index","follow":"follow","max-snippet":"max-snippet:-1","max-image-preview":"max-image-preview:large","max-video-preview":"max-video-preview:-1"},"canonical":"https:\/\/ldgconstruccion.com\/en\/ejecucion-obras-de-reforma-de-los-banos-del-edificio-de-primaria-y-direccion-del-ceip-ramon-laporta\/","og_locale":"en_GB","og_type":"article","og_title":"Ejecuci\u00f3n obras de reforma de los ba\u00f1os del edificio de primaria y direcci\u00f3n del CEIP Ram\u00f3n Laporta - LDG Construcci\u00f3n","og_description":"&nbsp;Esta actuaci\u00f3n se incluye en el Plan Edificant, donde se propone la mejora de los ba\u00f1os del edificio de primaria y del edifico de direcci\u00f3n del centro educativo, en su totalidad, tanto aparatos sanitarios, como instalaciones y revestimientos. Las prescripciones y soluciones de proyecto se corresponden con las indicadas en las \u201cInstrucciones de dise\u00f1o y [&hellip;]","og_url":"https:\/\/ldgconstruccion.com\/en\/ejecucion-obras-de-reforma-de-los-banos-del-edificio-de-primaria-y-direccion-del-ceip-ramon-laporta\/","og_site_name":"LDG Construcci\u00f3n","article_published_time":"2021-09-08T08:00:30+00:00","article_modified_time":"2021-12-22T10:25:28+00:00","og_image":[{"width":800,"height":743,"url":"https:\/\/ldgconstruccion.com\/wp-content\/uploads\/2021\/09\/OBRAS-CEIP-RAMON-LAPORTA-SANITARIOS.jpg","type":"image\/jpeg"}],"author":"guillermo","twitter_card":"summary_large_image","twitter_misc":{"Written by":"guillermo"},"schema":{"@context":"https:\/\/schema.org","@graph":[{"@type":"WebPage","@id":"https:\/\/ldgconstruccion.com\/en\/ejecucion-obras-de-reforma-de-los-banos-del-edificio-de-primaria-y-direccion-del-ceip-ramon-laporta\/","url":"https:\/\/ldgconstruccion.com\/en\/ejecucion-obras-de-reforma-de-los-banos-del-edificio-de-primaria-y-direccion-del-ceip-ramon-laporta\/","name":"Ejecuci\u00f3n obras de reforma de los ba\u00f1os del edificio de primaria y direcci\u00f3n del CEIP Ram\u00f3n Laporta - LDG Construcci\u00f3n","isPartOf":{"@id":"https:\/\/ldgconstruccion.com\/#website"},"primaryImageOfPage":{"@id":"https:\/\/ldgconstruccion.com\/en\/ejecucion-obras-de-reforma-de-los-banos-del-edificio-de-primaria-y-direccion-del-ceip-ramon-laporta\/#primaryimage"},"image":{"@id":"https:\/\/ldgconstruccion.com\/en\/ejecucion-obras-de-reforma-de-los-banos-del-edificio-de-primaria-y-direccion-del-ceip-ramon-laporta\/#primaryimage"},"thumbnailUrl":"https:\/\/ldgconstruccion.com\/wp-content\/uploads\/2021\/09\/OBRAS-CEIP-RAMON-LAPORTA-SANITARIOS.jpg","datePublished":"2021-09-08T08:00:30+00:00","dateModified":"2021-12-22T10:25:28+00:00","author":{"@id":"https:\/\/ldgconstruccion.com\/#\/schema\/person\/01d15c08769f057ff5b7d09029bd426a"},"breadcrumb":{"@id":"https:\/\/ldgconstruccion.com\/en\/ejecucion-obras-de-reforma-de-los-banos-del-edificio-de-primaria-y-direccion-del-ceip-ramon-laporta\/#breadcrumb"},"inLanguage":"en-GB","potentialAction":[{"@type":"ReadAction","target":["https:\/\/ldgconstruccion.com\/en\/ejecucion-obras-de-reforma-de-los-banos-del-edificio-de-primaria-y-direccion-del-ceip-ramon-laporta\/"]}]},{"@type":"ImageObject","inLanguage":"en-GB","@id":"https:\/\/ldgconstruccion.com\/en\/ejecucion-obras-de-reforma-de-los-banos-del-edificio-de-primaria-y-direccion-del-ceip-ramon-laporta\/#primaryimage","url":"https:\/\/ldgconstruccion.com\/wp-content\/uploads\/2021\/09\/OBRAS-CEIP-RAMON-LAPORTA-SANITARIOS.jpg","contentUrl":"https:\/\/ldgconstruccion.com\/wp-content\/uploads\/2021\/09\/OBRAS-CEIP-RAMON-LAPORTA-SANITARIOS.jpg","width":800,"height":743,"caption":"OBRAS-CEIP-RAMON-LAPORTA-SANITARIOS"},{"@type":"BreadcrumbList","@id":"https:\/\/ldgconstruccion.com\/en\/ejecucion-obras-de-reforma-de-los-banos-del-edificio-de-primaria-y-direccion-del-ceip-ramon-laporta\/#breadcrumb","itemListElement":[{"@type":"ListItem","position":1,"name":"Portada","item":"https:\/\/ldgconstruccion.com\/"},{"@type":"ListItem","position":2,"name":"Ejecuci\u00f3n obras de reforma de los ba\u00f1os del edificio de primaria y direcci\u00f3n del CEIP Ram\u00f3n Laporta"}]},{"@type":"WebSite","@id":"https:\/\/ldgconstruccion.com\/#website","url":"https:\/\/ldgconstruccion.com\/","name":"LDG Construcci\u00f3n","description":"Industrial - Residencial","potentialAction":[{"@type":"SearchAction","target":{"@type":"EntryPoint","urlTemplate":"https:\/\/ldgconstruccion.com\/?s={search_term_string}"},"query-input":{"@type":"PropertyValueSpecification","valueRequired":true,"valueName":"search_term_string"}}],"inLanguage":"en-GB"},{"@type":"Person","@id":"https:\/\/ldgconstruccion.com\/#\/schema\/person\/01d15c08769f057ff5b7d09029bd426a","name":"guillermo","image":{"@type":"ImageObject","inLanguage":"en-GB","@id":"https:\/\/ldgconstruccion.com\/#\/schema\/person\/image\/","url":"https:\/\/secure.gravatar.com\/avatar\/605a080125397090d539648a77b87bbe?s=96&d=mm&r=g","contentUrl":"https:\/\/secure.gravatar.com\/avatar\/605a080125397090d539648a77b87bbe?s=96&d=mm&r=g","caption":"guillermo"},"sameAs":["https:\/\/demodacai.es\/ldg"],"url":"https:\/\/ldgconstruccion.com\/en\/author\/guillermo\/"}]}},"_links":{"self":[{"href":"https:\/\/ldgconstruccion.com\/en\/wp-json\/wp\/v2\/posts\/833"}],"collection":[{"href":"https:\/\/ldgconstruccion.com\/en\/wp-json\/wp\/v2\/posts"}],"about":[{"href":"https:\/\/ldgconstruccion.com\/en\/wp-json\/wp\/v2\/types\/post"}],"author":[{"embeddable":true,"href":"https:\/\/ldgconstruccion.com\/en\/wp-json\/wp\/v2\/users\/1"}],"replies":[{"embeddable":true,"href":"https:\/\/ldgconstruccion.com\/en\/wp-json\/wp\/v2\/comments?post=833"}],"version-history":[{"count":5,"href":"https:\/\/ldgconstruccion.com\/en\/wp-json\/wp\/v2\/posts\/833\/revisions"}],"predecessor-version":[{"id":6004,"href":"https:\/\/ldgconstruccion.com\/en\/wp-json\/wp\/v2\/posts\/833\/revisions\/6004"}],"wp:featuredmedia":[{"embeddable":true,"href":"https:\/\/ldgconstruccion.com\/en\/wp-json\/wp\/v2\/media\/5999"}],"wp:attachment":[{"href":"https:\/\/ldgconstruccion.com\/en\/wp-json\/wp\/v2\/media?parent=833"}],"wp:term":[{"taxonomy":"category","embeddable":true,"href":"https:\/\/ldgconstruccion.com\/en\/wp-json\/wp\/v2\/categories?post=833"},{"taxonomy":"post_tag","embeddable":true,"href":"https:\/\/ldgconstruccion.com\/en\/wp-json\/wp\/v2\/tags?post=833"}],"curies":[{"name":"wp","href":"https:\/\/api.w.org\/{rel}","templated":true}]}}