{"id":7671,"date":"2024-07-04T17:28:59","date_gmt":"2024-07-04T17:28:59","guid":{"rendered":"https:\/\/ldgconstruccion.com\/?p=7671"},"modified":"2024-09-30T17:35:07","modified_gmt":"2024-09-30T17:35:07","slug":"nave-industrial-para-almansa-madrid","status":"publish","type":"post","link":"https:\/\/ldgconstruccion.com\/en\/nave-industrial-para-almansa-madrid\/","title":{"rendered":"Construcci\u00f3n de Nave Industrial frigor\u00edfica para Grupo Almansa Distribuci\u00f3n y Colectividades"},"content":{"rendered":"<p>\u00a1Nuevo proyecto adjudicado! Construcci\u00f3n de Nave Industrial frigor\u00edfica para <a class=\"app-aware-link\" href=\"https:\/\/www.linkedin.com\/company\/grupo-almansa-distribuci%C3%B3n-y-colectividades\/\" target=\"_self\" rel=\"noopener\" data-test-app-aware-link=\"\">Grupo Almansa Distribuci\u00f3n y Colectividades<\/a> en Madrid. La construcci\u00f3n permitir\u00e1 fortalecer el plan de expansi\u00f3n de nuestros clientes. Gracias por la confianza.<br \/>\n<a class=\"app-aware-link\" href=\"https:\/\/www.linkedin.com\/feed\/hashtag\/?keywords=nuevoproyecto&amp;highlightedUpdateUrns=urn%3Ali%3Aactivity%3A7214563272270725120\" data-test-app-aware-link=\"\"><span class=\"visually-hidden\">hashtag<\/span><span aria-hidden=\"true\">#<\/span>NuevoProyecto<\/a> <a class=\"app-aware-link\" href=\"https:\/\/www.linkedin.com\/feed\/hashtag\/?keywords=construcci%C3%B3n&amp;highlightedUpdateUrns=urn%3Ali%3Aactivity%3A7214563272270725120\" data-test-app-aware-link=\"\"><span class=\"visually-hidden\">hashtag<\/span><span aria-hidden=\"true\">#<\/span>Construcci\u00f3n<\/a> <a class=\"app-aware-link\" href=\"https:\/\/www.linkedin.com\/feed\/hashtag\/?keywords=naveindustrial&amp;highlightedUpdateUrns=urn%3Ali%3Aactivity%3A7214563272270725120\" data-test-app-aware-link=\"\"><span class=\"visually-hidden\">hashtag<\/span><span aria-hidden=\"true\">#<\/span>NaveIndustrial<\/a> <a class=\"app-aware-link\" href=\"https:\/\/www.linkedin.com\/feed\/hashtag\/?keywords=frigor%C3%ADfica&amp;highlightedUpdateUrns=urn%3Ali%3Aactivity%3A7214563272270725120\" data-test-app-aware-link=\"\"><span class=\"visually-hidden\">hashtag<\/span><span aria-hidden=\"true\">#<\/span>Frigor\u00edfica<\/a> <a class=\"app-aware-link\" href=\"https:\/\/www.linkedin.com\/feed\/hashtag\/?keywords=grupoalmansa&amp;highlightedUpdateUrns=urn%3Ali%3Aactivity%3A7214563272270725120\" data-test-app-aware-link=\"\"><span class=\"visually-hidden\">hashtag<\/span><span aria-hidden=\"true\">#<\/span>GrupoAlmansa<\/a> <a class=\"app-aware-link\" href=\"https:\/\/www.linkedin.com\/feed\/hashtag\/?keywords=colectividades&amp;highlightedUpdateUrns=urn%3Ali%3Aactivity%3A7214563272270725120\" data-test-app-aware-link=\"\"><span class=\"visually-hidden\">hashtag<\/span><span aria-hidden=\"true\">#<\/span><\/a><\/p>","protected":false},"excerpt":{"rendered":"<p>\u00a1Nuevo proyecto adjudicado! Construcci\u00f3n de Nave Industrial frigor\u00edfica para Grupo Almansa Distribuci\u00f3n y Colectividades en Madrid. La construcci\u00f3n permitir\u00e1 fortalecer el plan de expansi\u00f3n de nuestros clientes. Gracias por la confianza. hashtag#NuevoProyecto hashtag#Construcci\u00f3n hashtag#NaveIndustrial hashtag#Frigor\u00edfica hashtag#GrupoAlmansa hashtag#<\/p>","protected":false},"author":2,"featured_media":7672,"comment_status":"open","ping_status":"open","sticky":false,"template":"","format":"standard","meta":{"_et_pb_use_builder":"","_et_pb_old_content":"","_et_gb_content_width":"","footnotes":""},"categories":[6],"tags":[],"class_list":["post-7671","post","type-post","status-publish","format-standard","has-post-thumbnail","hentry","category-noticias"],"yoast_head":"<!-- This site is optimized with the Yoast SEO plugin v24.7 - https:\/\/yoast.com\/wordpress\/plugins\/seo\/ -->\n<title>Construcci\u00f3n de Nave Industrial frigor\u00edfica para Grupo Almansa Distribuci\u00f3n y Colectividades - LDG Construcci\u00f3n<\/title>\n<meta name=\"robots\" content=\"index, follow, max-snippet:-1, max-image-preview:large, max-video-preview:-1\" \/>\n<link rel=\"canonical\" href=\"https:\/\/ldgconstruccion.com\/en\/nave-industrial-para-almansa-madrid\/\" \/>\n<meta property=\"og:locale\" content=\"en_GB\" \/>\n<meta property=\"og:type\" content=\"article\" \/>\n<meta property=\"og:title\" content=\"Construcci\u00f3n de Nave Industrial frigor\u00edfica para Grupo Almansa Distribuci\u00f3n y Colectividades - LDG Construcci\u00f3n\" \/>\n<meta property=\"og:description\" content=\"\u00a1Nuevo proyecto adjudicado! Construcci\u00f3n de Nave Industrial frigor\u00edfica para Grupo Almansa Distribuci\u00f3n y Colectividades en Madrid. La construcci\u00f3n permitir\u00e1 fortalecer el plan de expansi\u00f3n de nuestros clientes. Gracias por la confianza. hashtag#NuevoProyecto hashtag#Construcci\u00f3n hashtag#NaveIndustrial hashtag#Frigor\u00edfica hashtag#GrupoAlmansa hashtag#\" \/>\n<meta property=\"og:url\" content=\"https:\/\/ldgconstruccion.com\/en\/nave-industrial-para-almansa-madrid\/\" \/>\n<meta property=\"og:site_name\" content=\"LDG Construcci\u00f3n\" \/>\n<meta property=\"article:published_time\" content=\"2024-07-04T17:28:59+00:00\" \/>\n<meta property=\"article:modified_time\" content=\"2024-09-30T17:35:07+00:00\" \/>\n<meta property=\"og:image\" content=\"https:\/\/ldgconstruccion.com\/wp-content\/uploads\/2024\/09\/1720085923363.jpeg\" \/>\n\t<meta property=\"og:image:width\" content=\"800\" \/>\n\t<meta property=\"og:image:height\" content=\"450\" \/>\n\t<meta property=\"og:image:type\" content=\"image\/jpeg\" \/>\n<meta name=\"author\" content=\"LDG\" \/>\n<meta name=\"twitter:card\" content=\"summary_large_image\" \/>\n<meta name=\"twitter:label1\" content=\"Written by\" \/>\n\t<meta name=\"twitter:data1\" content=\"LDG\" \/>\n\t<meta name=\"twitter:label2\" content=\"Estimated reading time\" \/>\n\t<meta name=\"twitter:data2\" content=\"1 minute\" \/>\n<script type=\"application\/ld+json\" class=\"yoast-schema-graph\">{\"@context\":\"https:\/\/schema.org\",\"@graph\":[{\"@type\":\"WebPage\",\"@id\":\"https:\/\/ldgconstruccion.com\/nave-industrial-para-almansa-madrid\/\",\"url\":\"https:\/\/ldgconstruccion.com\/nave-industrial-para-almansa-madrid\/\",\"name\":\"Construcci\u00f3n de Nave Industrial frigor\u00edfica para Grupo Almansa Distribuci\u00f3n y Colectividades - LDG Construcci\u00f3n\",\"isPartOf\":{\"@id\":\"https:\/\/ldgconstruccion.com\/#website\"},\"primaryImageOfPage\":{\"@id\":\"https:\/\/ldgconstruccion.com\/nave-industrial-para-almansa-madrid\/#primaryimage\"},\"image\":{\"@id\":\"https:\/\/ldgconstruccion.com\/nave-industrial-para-almansa-madrid\/#primaryimage\"},\"thumbnailUrl\":\"https:\/\/ldgconstruccion.com\/wp-content\/uploads\/2024\/09\/1720085923363.jpeg\",\"datePublished\":\"2024-07-04T17:28:59+00:00\",\"dateModified\":\"2024-09-30T17:35:07+00:00\",\"author\":{\"@id\":\"https:\/\/ldgconstruccion.com\/#\/schema\/person\/e5f5a018a99e5ae55f9357f850b736d0\"},\"breadcrumb\":{\"@id\":\"https:\/\/ldgconstruccion.com\/nave-industrial-para-almansa-madrid\/#breadcrumb\"},\"inLanguage\":\"en-GB\",\"potentialAction\":[{\"@type\":\"ReadAction\",\"target\":[\"https:\/\/ldgconstruccion.com\/nave-industrial-para-almansa-madrid\/\"]}]},{\"@type\":\"ImageObject\",\"inLanguage\":\"en-GB\",\"@id\":\"https:\/\/ldgconstruccion.com\/nave-industrial-para-almansa-madrid\/#primaryimage\",\"url\":\"https:\/\/ldgconstruccion.com\/wp-content\/uploads\/2024\/09\/1720085923363.jpeg\",\"contentUrl\":\"https:\/\/ldgconstruccion.com\/wp-content\/uploads\/2024\/09\/1720085923363.jpeg\",\"width\":800,\"height\":450},{\"@type\":\"BreadcrumbList\",\"@id\":\"https:\/\/ldgconstruccion.com\/nave-industrial-para-almansa-madrid\/#breadcrumb\",\"itemListElement\":[{\"@type\":\"ListItem\",\"position\":1,\"name\":\"Portada\",\"item\":\"https:\/\/ldgconstruccion.com\/\"},{\"@type\":\"ListItem\",\"position\":2,\"name\":\"Construcci\u00f3n de Nave Industrial frigor\u00edfica para Grupo Almansa Distribuci\u00f3n y Colectividades\"}]},{\"@type\":\"WebSite\",\"@id\":\"https:\/\/ldgconstruccion.com\/#website\",\"url\":\"https:\/\/ldgconstruccion.com\/\",\"name\":\"LDG Construcci\u00f3n\",\"description\":\"Industrial - Residencial\",\"potentialAction\":[{\"@type\":\"SearchAction\",\"target\":{\"@type\":\"EntryPoint\",\"urlTemplate\":\"https:\/\/ldgconstruccion.com\/?s={search_term_string}\"},\"query-input\":{\"@type\":\"PropertyValueSpecification\",\"valueRequired\":true,\"valueName\":\"search_term_string\"}}],\"inLanguage\":\"en-GB\"},{\"@type\":\"Person\",\"@id\":\"https:\/\/ldgconstruccion.com\/#\/schema\/person\/e5f5a018a99e5ae55f9357f850b736d0\",\"name\":\"LDG\",\"image\":{\"@type\":\"ImageObject\",\"inLanguage\":\"en-GB\",\"@id\":\"https:\/\/ldgconstruccion.com\/#\/schema\/person\/image\/\",\"url\":\"https:\/\/secure.gravatar.com\/avatar\/9d6644dc8299cd22edf1d83dadf96df7?s=96&d=mm&r=g\",\"contentUrl\":\"https:\/\/secure.gravatar.com\/avatar\/9d6644dc8299cd22edf1d83dadf96df7?s=96&d=mm&r=g\",\"caption\":\"LDG\"},\"url\":\"https:\/\/ldgconstruccion.com\/en\/author\/ldg\/\"}]}<\/script>\n<!-- \/ Yoast SEO plugin. -->","yoast_head_json":{"title":"Construcci\u00f3n de Nave Industrial frigor\u00edfica para Grupo Almansa Distribuci\u00f3n y Colectividades - LDG Construcci\u00f3n","robots":{"index":"index","follow":"follow","max-snippet":"max-snippet:-1","max-image-preview":"max-image-preview:large","max-video-preview":"max-video-preview:-1"},"canonical":"https:\/\/ldgconstruccion.com\/en\/nave-industrial-para-almansa-madrid\/","og_locale":"en_GB","og_type":"article","og_title":"Construcci\u00f3n de Nave Industrial frigor\u00edfica para Grupo Almansa Distribuci\u00f3n y Colectividades - LDG Construcci\u00f3n","og_description":"\u00a1Nuevo proyecto adjudicado! Construcci\u00f3n de Nave Industrial frigor\u00edfica para Grupo Almansa Distribuci\u00f3n y Colectividades en Madrid. La construcci\u00f3n permitir\u00e1 fortalecer el plan de expansi\u00f3n de nuestros clientes. Gracias por la confianza. hashtag#NuevoProyecto hashtag#Construcci\u00f3n hashtag#NaveIndustrial hashtag#Frigor\u00edfica hashtag#GrupoAlmansa hashtag#","og_url":"https:\/\/ldgconstruccion.com\/en\/nave-industrial-para-almansa-madrid\/","og_site_name":"LDG Construcci\u00f3n","article_published_time":"2024-07-04T17:28:59+00:00","article_modified_time":"2024-09-30T17:35:07+00:00","og_image":[{"width":800,"height":450,"url":"https:\/\/ldgconstruccion.com\/wp-content\/uploads\/2024\/09\/1720085923363.jpeg","type":"image\/jpeg"}],"author":"LDG","twitter_card":"summary_large_image","twitter_misc":{"Written by":"LDG","Estimated reading time":"1 minute"},"schema":{"@context":"https:\/\/schema.org","@graph":[{"@type":"WebPage","@id":"https:\/\/ldgconstruccion.com\/nave-industrial-para-almansa-madrid\/","url":"https:\/\/ldgconstruccion.com\/nave-industrial-para-almansa-madrid\/","name":"Construcci\u00f3n de Nave Industrial frigor\u00edfica para Grupo Almansa Distribuci\u00f3n y Colectividades - LDG Construcci\u00f3n","isPartOf":{"@id":"https:\/\/ldgconstruccion.com\/#website"},"primaryImageOfPage":{"@id":"https:\/\/ldgconstruccion.com\/nave-industrial-para-almansa-madrid\/#primaryimage"},"image":{"@id":"https:\/\/ldgconstruccion.com\/nave-industrial-para-almansa-madrid\/#primaryimage"},"thumbnailUrl":"https:\/\/ldgconstruccion.com\/wp-content\/uploads\/2024\/09\/1720085923363.jpeg","datePublished":"2024-07-04T17:28:59+00:00","dateModified":"2024-09-30T17:35:07+00:00","author":{"@id":"https:\/\/ldgconstruccion.com\/#\/schema\/person\/e5f5a018a99e5ae55f9357f850b736d0"},"breadcrumb":{"@id":"https:\/\/ldgconstruccion.com\/nave-industrial-para-almansa-madrid\/#breadcrumb"},"inLanguage":"en-GB","potentialAction":[{"@type":"ReadAction","target":["https:\/\/ldgconstruccion.com\/nave-industrial-para-almansa-madrid\/"]}]},{"@type":"ImageObject","inLanguage":"en-GB","@id":"https:\/\/ldgconstruccion.com\/nave-industrial-para-almansa-madrid\/#primaryimage","url":"https:\/\/ldgconstruccion.com\/wp-content\/uploads\/2024\/09\/1720085923363.jpeg","contentUrl":"https:\/\/ldgconstruccion.com\/wp-content\/uploads\/2024\/09\/1720085923363.jpeg","width":800,"height":450},{"@type":"BreadcrumbList","@id":"https:\/\/ldgconstruccion.com\/nave-industrial-para-almansa-madrid\/#breadcrumb","itemListElement":[{"@type":"ListItem","position":1,"name":"Portada","item":"https:\/\/ldgconstruccion.com\/"},{"@type":"ListItem","position":2,"name":"Construcci\u00f3n de Nave Industrial frigor\u00edfica para Grupo Almansa Distribuci\u00f3n y Colectividades"}]},{"@type":"WebSite","@id":"https:\/\/ldgconstruccion.com\/#website","url":"https:\/\/ldgconstruccion.com\/","name":"LDG Construcci\u00f3n","description":"Industrial - Residencial","potentialAction":[{"@type":"SearchAction","target":{"@type":"EntryPoint","urlTemplate":"https:\/\/ldgconstruccion.com\/?s={search_term_string}"},"query-input":{"@type":"PropertyValueSpecification","valueRequired":true,"valueName":"search_term_string"}}],"inLanguage":"en-GB"},{"@type":"Person","@id":"https:\/\/ldgconstruccion.com\/#\/schema\/person\/e5f5a018a99e5ae55f9357f850b736d0","name":"LDG","image":{"@type":"ImageObject","inLanguage":"en-GB","@id":"https:\/\/ldgconstruccion.com\/#\/schema\/person\/image\/","url":"https:\/\/secure.gravatar.com\/avatar\/9d6644dc8299cd22edf1d83dadf96df7?s=96&d=mm&r=g","contentUrl":"https:\/\/secure.gravatar.com\/avatar\/9d6644dc8299cd22edf1d83dadf96df7?s=96&d=mm&r=g","caption":"LDG"},"url":"https:\/\/ldgconstruccion.com\/en\/author\/ldg\/"}]}},"_links":{"self":[{"href":"https:\/\/ldgconstruccion.com\/en\/wp-json\/wp\/v2\/posts\/7671"}],"collection":[{"href":"https:\/\/ldgconstruccion.com\/en\/wp-json\/wp\/v2\/posts"}],"about":[{"href":"https:\/\/ldgconstruccion.com\/en\/wp-json\/wp\/v2\/types\/post"}],"author":[{"embeddable":true,"href":"https:\/\/ldgconstruccion.com\/en\/wp-json\/wp\/v2\/users\/2"}],"replies":[{"embeddable":true,"href":"https:\/\/ldgconstruccion.com\/en\/wp-json\/wp\/v2\/comments?post=7671"}],"version-history":[{"count":2,"href":"https:\/\/ldgconstruccion.com\/en\/wp-json\/wp\/v2\/posts\/7671\/revisions"}],"predecessor-version":[{"id":7683,"href":"https:\/\/ldgconstruccion.com\/en\/wp-json\/wp\/v2\/posts\/7671\/revisions\/7683"}],"wp:featuredmedia":[{"embeddable":true,"href":"https:\/\/ldgconstruccion.com\/en\/wp-json\/wp\/v2\/media\/7672"}],"wp:attachment":[{"href":"https:\/\/ldgconstruccion.com\/en\/wp-json\/wp\/v2\/media?parent=7671"}],"wp:term":[{"taxonomy":"category","embeddable":true,"href":"https:\/\/ldgconstruccion.com\/en\/wp-json\/wp\/v2\/categories?post=7671"},{"taxonomy":"post_tag","embeddable":true,"href":"https:\/\/ldgconstruccion.com\/en\/wp-json\/wp\/v2\/tags?post=7671"}],"curies":[{"name":"wp","href":"https:\/\/api.w.org\/{rel}","templated":true}]}}